{"id":46,"date":"2024-09-16T15:23:14","date_gmt":"2024-09-16T18:23:14","guid":{"rendered":"https:\/\/vagasrj.org\/br\/?p=46"},"modified":"2024-09-19T14:38:52","modified_gmt":"2024-09-19T17:38:52","slug":"tudo-o-que-voce-precisa-saber-sobre-a-carteira-de-trabalho-digital","status":"publish","type":"post","link":"https:\/\/vagasrj.org\/br\/tudo-o-que-voce-precisa-saber-sobre-a-carteira-de-trabalho-digital\/","title":{"rendered":"Tudo o que Voc\u00ea Precisa Saber Sobre a Carteira de Trabalho Digital"},"content":{"rendered":"\n<p>A Carteira de Trabalho Digital (CTPS Digital) \u00e9 uma inova\u00e7\u00e3o que visa modernizar e facilitar a gest\u00e3o de v\u00ednculos trabalhistas no Brasil. Com a recente atualiza\u00e7\u00e3o e a substitui\u00e7\u00e3o do documento f\u00edsico pela vers\u00e3o digital, \u00e9 normal ter d\u00favidas sobre como tudo funciona. Vamos esclarecer as principais quest\u00f5es sobre a Carteira de Trabalho Digital.<\/p>\n\n\n\n<h2 class=\"wp-block-heading\">O que Mudou com a Carteira de Trabalho Digital?<\/h2>\n\n\n\n<h3 class=\"wp-block-heading\">Hist\u00f3rico e Atualiza\u00e7\u00e3o<\/h3>\n\n\n\n<p>O aplicativo da Carteira de Trabalho Digital existe desde 2017, mas n\u00e3o substitu\u00eda o documento f\u00edsico. A grande mudan\u00e7a ocorreu a partir de 24 de setembro de 2019, quando a CTPS em formato f\u00edsico deixou de ser obrigat\u00f3ria na maioria dos casos de contrata\u00e7\u00e3o. Atualmente, basta informar o n\u00famero do CPF para iniciar um novo v\u00ednculo empregat\u00edcio. As informa\u00e7\u00f5es s\u00e3o registradas eletronicamente no eSocial, conforme a PORTARIA\/MTP N\u00ba 671, de 8 de novembro de 2021.<\/p>\n\n\n\n<h3 class=\"wp-block-heading\">O que Fazer com a CTPS F\u00edsica Antiga?<\/h3>\n\n\n\n<p>Mesmo com a Carteira de Trabalho Digital, a vers\u00e3o f\u00edsica ainda deve ser guardada. Ela \u00e9 importante para comprovar o tempo de servi\u00e7o anterior, especialmente para v\u00ednculos trabalhistas que datam de per\u00edodos anteriores a 2019. No entanto, para novos contratos e atualiza\u00e7\u00f5es, tudo ser\u00e1 registrado eletronicamente e pode ser acompanhado pelo aplicativo ou site.<\/p>\n\n\n\n<h2 class=\"wp-block-heading\">Quest\u00f5es Comuns Relacionadas ao Acesso e Registro<\/h2>\n\n\n\n<h3 class=\"wp-block-heading\">Problemas ao Acessar a Carteira de Trabalho Digital<\/h3>\n\n\n\n<p>Se voc\u00ea est\u00e1 enfrentando dificuldades para acessar sua Carteira de Trabalho Digital, existem algumas alternativas:<\/p>\n\n\n\n<ul class=\"wp-block-list\">\n<li><strong>Cadastro no gov.br<\/strong>: Se n\u00e3o conseguir fazer o cadastro, voc\u00ea pode solicitar a altera\u00e7\u00e3o de dados diretamente pelo formul\u00e1rio dispon\u00edvel <a href=\"https:\/\/atendimento.servicos.gov.br\/\">aqui<\/a>.<\/li>\n\n\n\n<li><strong>C\u00f3digo de Verifica\u00e7\u00e3o<\/strong>: O c\u00f3digo de verifica\u00e7\u00e3o em duas etapas \u00e9 enviado pelo app do gov.br, n\u00e3o por SMS. Verifique se o aplicativo est\u00e1 instalado e atualizado. Caso continue com problemas, use o <a href=\"https:\/\/atendimento.servicos.gov.br\/pt\/desativar-verificacao-em-duas-etapas\">formul\u00e1rio de suporte<\/a>.<\/li>\n<\/ul>\n\n\n\n<h3 class=\"wp-block-heading\">Informa\u00e7\u00f5es Incorretas na Carteira de Trabalho Digital<\/h3>\n\n\n\n<p>Se voc\u00ea identificar informa\u00e7\u00f5es incorretas em seu cadastro, a corre\u00e7\u00e3o pode ser realizada diretamente pelo eSocial. Para erros relacionados a contratos anteriores, as informa\u00e7\u00f5es ser\u00e3o atualizadas automaticamente com o tempo. Para erros recentes, notifique seu empregador para que as corre\u00e7\u00f5es sejam feitas prontamente.<\/p>\n\n\n\n<h2 class=\"wp-block-heading\">Papel do Empregador na Gest\u00e3o da Carteira de Trabalho Digital<\/h2>\n\n\n\n<h3 class=\"wp-block-heading\">Requisitos para Contrata\u00e7\u00e3o<\/h3>\n\n\n\n<p>Para a contrata\u00e7\u00e3o de novos funcion\u00e1rios, o empregador deve registrar as informa\u00e7\u00f5es no eSocial. Isso inclui o envio do evento S-2200 (Cadastramento Inicial do V\u00ednculo e Admiss\u00e3o) antes do in\u00edcio das atividades. O envio dessas informa\u00e7\u00f5es tem o mesmo valor legal que a assinatura da carteira f\u00edsica.<\/p>\n\n\n\n<h3 class=\"wp-block-heading\">Corre\u00e7\u00e3o de Informa\u00e7\u00f5es<\/h3>\n\n\n\n<p>Caso seu funcion\u00e1rio identifique informa\u00e7\u00f5es erradas na Carteira de Trabalho Digital, voc\u00ea deve corrigir os dados atrav\u00e9s do eSocial. Corrija as inconsist\u00eancias assim que detectadas para evitar problemas futuros.<\/p>\n\n\n\n<h2 class=\"wp-block-heading\">Outras Informa\u00e7\u00f5es Importantes<\/h2>\n\n\n\n<h3 class=\"wp-block-heading\">Acesso e Utiliza\u00e7\u00e3o da Carteira de Trabalho Digital<\/h3>\n\n\n\n<ul class=\"wp-block-list\">\n<li><strong>Acesso pela Web<\/strong>: Voc\u00ea pode acessar sua Carteira de Trabalho Digital pelo <a href=\"https:\/\/www.gov.br\/pt-br\/servicos\/obter-a-carteira-de-trabalho\">portal de servi\u00e7os do governo<\/a>.<\/li>\n\n\n\n<li><strong>Compatibilidade<\/strong>: Verifique se seu smartphone \u00e9 compat\u00edvel para baixar o aplicativo. O acesso tamb\u00e9m pode ser feito pelo web.<\/li>\n<\/ul>\n\n\n\n<h3 class=\"wp-block-heading\">Perguntas Frequentes<\/h3>\n\n\n\n<ul class=\"wp-block-list\">\n<li><strong>A Carteira de Trabalho Digital substitui a f\u00edsica?<\/strong> Sim, a vers\u00e3o digital tem validade para comprova\u00e7\u00e3o de v\u00ednculos, mas a CTPS f\u00edsica ainda \u00e9 necess\u00e1ria para registro de contratos anteriores, se exigido por lei.<\/li>\n\n\n\n<li><strong>Problemas com o n\u00famero da CTPS?<\/strong> A CTPS Digital utiliza o CPF como n\u00famero de identifica\u00e7\u00e3o. Se o n\u00famero do PIS n\u00e3o aparecer, \u00e9 responsabilidade do empregador ger\u00e1-lo atrav\u00e9s do sistema da Caixa Econ\u00f4mica Federal.<\/li>\n<\/ul>\n\n\n\n<h3 class=\"wp-block-heading\">Atualiza\u00e7\u00f5es e Informa\u00e7\u00f5es<\/h3>\n\n\n\n<ul class=\"wp-block-list\">\n<li><strong>Dados Pessoais<\/strong>: Altera\u00e7\u00f5es em dados pessoais devem ser solicitadas \u00e0 Receita Federal e ao INSS. A atualiza\u00e7\u00e3o ser\u00e1 refletida na Carteira de Trabalho Digital ap\u00f3s a atualiza\u00e7\u00e3o nos \u00f3rg\u00e3os correspondentes.<\/li>\n<\/ul>\n\n\n\n<h3 class=\"wp-block-heading\">Custos e Acesso<\/h3>\n\n\n\n<p>N\u00e3o h\u00e1 custos para a obten\u00e7\u00e3o da Carteira de Trabalho Digital. Se voc\u00ea perdeu a vers\u00e3o f\u00edsica, pode solicitar a digital pelo aplicativo ou site, com a mesma validade para novos v\u00ednculos.<\/p>\n\n\n\n<h2 class=\"wp-block-heading\">Conclus\u00e3o<\/h2>\n\n\n\n<p>A Carteira de Trabalho Digital representa um avan\u00e7o significativo na moderniza\u00e7\u00e3o da gest\u00e3o de v\u00ednculos trabalhistas no Brasil. Apesar das mudan\u00e7as, a vers\u00e3o f\u00edsica ainda possui sua import\u00e2ncia para registros anteriores. Com estas orienta\u00e7\u00f5es, esperamos ter esclarecido suas d\u00favidas sobre o funcionamento e a utiliza\u00e7\u00e3o deste novo sistema.<\/p>\n\n\n\n<p>Para mais informa\u00e7\u00f5es e guias detalhados, acesse o <a href=\"https:\/\/www.gov.br\/pt-br\/temas\/carteira-de-trabalho-digital\">site oficial da Carteira de Trabalho Digital<\/a>.<\/p>\n","protected":false},"excerpt":{"rendered":"<p>A Carteira de Trabalho Digital (CTPS Digital) \u00e9 uma inova\u00e7\u00e3o que visa modernizar e facilitar a gest\u00e3o de v\u00ednculos trabalhistas no Brasil. Com a recente atualiza\u00e7\u00e3o e a substitui\u00e7\u00e3o do documento f\u00edsico pela vers\u00e3o digital, \u00e9 normal ter d\u00favidas sobre como tudo funciona. Vamos esclarecer as principais quest\u00f5es sobre a Carteira de Trabalho Digital. O &#8230; <a title=\"Tudo o que Voc\u00ea Precisa Saber Sobre a Carteira de Trabalho Digital\" class=\"read-more\" href=\"https:\/\/vagasrj.org\/br\/tudo-o-que-voce-precisa-saber-sobre-a-carteira-de-trabalho-digital\/\" aria-label=\"Read more about Tudo o que Voc\u00ea Precisa Saber Sobre a Carteira de Trabalho Digital\">Ler mais<\/a><\/p>\n","protected":false},"author":1,"featured_media":85,"comment_status":"open","ping_status":"open","sticky":false,"template":"","format":"standard","meta":{"footnotes":""},"categories":[7],"tags":[11,10,9],"class_list":["post-46","post","type-post","status-publish","format-standard","has-post-thumbnail","hentry","category-utilidades","tag-carteira-trabalho","tag-dicas","tag-utilidades"],"yoast_head":"<!-- This site is optimized with the Yoast SEO plugin v26.7 - https:\/\/yoast.com\/wordpress\/plugins\/seo\/ -->\n<title>Tudo o que Voc\u00ea Precisa Saber Sobre a Carteira de Trabalho Digital | Vagas Rj<\/title>\n<meta name=\"description\" content=\"Com a atualiza\u00e7\u00e3o e a substitui\u00e7\u00e3o do documento f\u00edsico pela vers\u00e3o digital, \u00e9 normal ter d\u00favidas. Veja as principais quest\u00f5es agora.\" \/>\n<meta name=\"robots\" content=\"index, follow, max-snippet:-1, max-image-preview:large, max-video-preview:-1\" \/>\n<link rel=\"canonical\" href=\"https:\/\/vagasrj.org\/br\/tudo-o-que-voce-precisa-saber-sobre-a-carteira-de-trabalho-digital\/\" \/>\n<meta property=\"og:locale\" content=\"pt_BR\" \/>\n<meta property=\"og:type\" content=\"article\" \/>\n<meta property=\"og:title\" content=\"Tudo o que Voc\u00ea Precisa Saber Sobre a Carteira de Trabalho Digital | Vagas Rj\" \/>\n<meta property=\"og:description\" content=\"Com a atualiza\u00e7\u00e3o e a substitui\u00e7\u00e3o do documento f\u00edsico pela vers\u00e3o digital, \u00e9 normal ter d\u00favidas. Veja as principais quest\u00f5es agora.\" \/>\n<meta property=\"og:url\" content=\"https:\/\/vagasrj.org\/br\/tudo-o-que-voce-precisa-saber-sobre-a-carteira-de-trabalho-digital\/\" \/>\n<meta property=\"og:site_name\" content=\"Vagas Rj\" \/>\n<meta property=\"article:publisher\" content=\"https:\/\/www.facebook.com\/vagasdoriodejaneiro\" \/>\n<meta property=\"article:published_time\" content=\"2024-09-16T18:23:14+00:00\" \/>\n<meta property=\"article:modified_time\" content=\"2024-09-19T17:38:52+00:00\" \/>\n<meta property=\"og:image\" content=\"https:\/\/vagasrj.org\/br\/wp-content\/uploads\/2024\/09\/image.png\" \/>\n\t<meta property=\"og:image:width\" content=\"1087\" \/>\n\t<meta property=\"og:image:height\" content=\"569\" \/>\n\t<meta property=\"og:image:type\" content=\"image\/png\" \/>\n<meta name=\"author\" content=\"admin\" \/>\n<meta name=\"twitter:card\" content=\"summary_large_image\" \/>\n<meta name=\"twitter:label1\" content=\"Escrito por\" \/>\n\t<meta name=\"twitter:data1\" content=\"admin\" \/>\n\t<meta name=\"twitter:label2\" content=\"Est. tempo de leitura\" \/>\n\t<meta name=\"twitter:data2\" content=\"4 minutos\" \/>\n<script type=\"application\/ld+json\" class=\"yoast-schema-graph\">{\"@context\":\"https:\/\/schema.org\",\"@graph\":[{\"@type\":\"Article\",\"@id\":\"https:\/\/vagasrj.org\/br\/tudo-o-que-voce-precisa-saber-sobre-a-carteira-de-trabalho-digital\/#article\",\"isPartOf\":{\"@id\":\"https:\/\/vagasrj.org\/br\/tudo-o-que-voce-precisa-saber-sobre-a-carteira-de-trabalho-digital\/\"},\"author\":{\"name\":\"admin\",\"@id\":\"https:\/\/vagasrj.org\/br\/#\/schema\/person\/51453733cbc43de44cfa470176889652\"},\"headline\":\"Tudo o que Voc\u00ea Precisa Saber Sobre a Carteira de Trabalho Digital\",\"datePublished\":\"2024-09-16T18:23:14+00:00\",\"dateModified\":\"2024-09-19T17:38:52+00:00\",\"mainEntityOfPage\":{\"@id\":\"https:\/\/vagasrj.org\/br\/tudo-o-que-voce-precisa-saber-sobre-a-carteira-de-trabalho-digital\/\"},\"wordCount\":789,\"commentCount\":0,\"publisher\":{\"@id\":\"https:\/\/vagasrj.org\/br\/#organization\"},\"image\":{\"@id\":\"https:\/\/vagasrj.org\/br\/tudo-o-que-voce-precisa-saber-sobre-a-carteira-de-trabalho-digital\/#primaryimage\"},\"thumbnailUrl\":\"https:\/\/vagasrj.org\/br\/wp-content\/uploads\/2024\/09\/image.jpg\",\"keywords\":[\"carteira trabalho\",\"dicas\",\"utilidades\"],\"articleSection\":[\"Utilidades\"],\"inLanguage\":\"pt-BR\",\"potentialAction\":[{\"@type\":\"CommentAction\",\"name\":\"Comment\",\"target\":[\"https:\/\/vagasrj.org\/br\/tudo-o-que-voce-precisa-saber-sobre-a-carteira-de-trabalho-digital\/#respond\"]}]},{\"@type\":\"WebPage\",\"@id\":\"https:\/\/vagasrj.org\/br\/tudo-o-que-voce-precisa-saber-sobre-a-carteira-de-trabalho-digital\/\",\"url\":\"https:\/\/vagasrj.org\/br\/tudo-o-que-voce-precisa-saber-sobre-a-carteira-de-trabalho-digital\/\",\"name\":\"Tudo o que Voc\u00ea Precisa Saber Sobre a Carteira de Trabalho Digital | Vagas Rj\",\"isPartOf\":{\"@id\":\"https:\/\/vagasrj.org\/br\/#website\"},\"primaryImageOfPage\":{\"@id\":\"https:\/\/vagasrj.org\/br\/tudo-o-que-voce-precisa-saber-sobre-a-carteira-de-trabalho-digital\/#primaryimage\"},\"image\":{\"@id\":\"https:\/\/vagasrj.org\/br\/tudo-o-que-voce-precisa-saber-sobre-a-carteira-de-trabalho-digital\/#primaryimage\"},\"thumbnailUrl\":\"https:\/\/vagasrj.org\/br\/wp-content\/uploads\/2024\/09\/image.jpg\",\"datePublished\":\"2024-09-16T18:23:14+00:00\",\"dateModified\":\"2024-09-19T17:38:52+00:00\",\"description\":\"Com a atualiza\u00e7\u00e3o e a substitui\u00e7\u00e3o do documento f\u00edsico pela vers\u00e3o digital, \u00e9 normal ter d\u00favidas. Veja as principais quest\u00f5es agora.\",\"breadcrumb\":{\"@id\":\"https:\/\/vagasrj.org\/br\/tudo-o-que-voce-precisa-saber-sobre-a-carteira-de-trabalho-digital\/#breadcrumb\"},\"inLanguage\":\"pt-BR\",\"potentialAction\":[{\"@type\":\"ReadAction\",\"target\":[\"https:\/\/vagasrj.org\/br\/tudo-o-que-voce-precisa-saber-sobre-a-carteira-de-trabalho-digital\/\"]}]},{\"@type\":\"ImageObject\",\"inLanguage\":\"pt-BR\",\"@id\":\"https:\/\/vagasrj.org\/br\/tudo-o-que-voce-precisa-saber-sobre-a-carteira-de-trabalho-digital\/#primaryimage\",\"url\":\"https:\/\/vagasrj.org\/br\/wp-content\/uploads\/2024\/09\/image.jpg\",\"contentUrl\":\"https:\/\/vagasrj.org\/br\/wp-content\/uploads\/2024\/09\/image.jpg\",\"width\":1087,\"height\":569,\"caption\":\"carteira de traabalho digital\"},{\"@type\":\"BreadcrumbList\",\"@id\":\"https:\/\/vagasrj.org\/br\/tudo-o-que-voce-precisa-saber-sobre-a-carteira-de-trabalho-digital\/#breadcrumb\",\"itemListElement\":[{\"@type\":\"ListItem\",\"position\":1,\"name\":\"In\u00edcio\",\"item\":\"https:\/\/vagasrj.org\/br\/\"},{\"@type\":\"ListItem\",\"position\":2,\"name\":\"Tudo o que Voc\u00ea Precisa Saber Sobre a Carteira de Trabalho Digital\"}]},{\"@type\":\"WebSite\",\"@id\":\"https:\/\/vagasrj.org\/br\/#website\",\"url\":\"https:\/\/vagasrj.org\/br\/\",\"name\":\"Vagas Rj\",\"description\":\"\",\"publisher\":{\"@id\":\"https:\/\/vagasrj.org\/br\/#organization\"},\"potentialAction\":[{\"@type\":\"SearchAction\",\"target\":{\"@type\":\"EntryPoint\",\"urlTemplate\":\"https:\/\/vagasrj.org\/br\/?s={search_term_string}\"},\"query-input\":{\"@type\":\"PropertyValueSpecification\",\"valueRequired\":true,\"valueName\":\"search_term_string\"}}],\"inLanguage\":\"pt-BR\"},{\"@type\":\"Organization\",\"@id\":\"https:\/\/vagasrj.org\/br\/#organization\",\"name\":\"Vagas Rj\",\"url\":\"https:\/\/vagasrj.org\/br\/\",\"logo\":{\"@type\":\"ImageObject\",\"inLanguage\":\"pt-BR\",\"@id\":\"https:\/\/vagasrj.org\/br\/#\/schema\/logo\/image\/\",\"url\":\"https:\/\/vagasrj.org\/br\/wp-content\/uploads\/2024\/09\/a.png\",\"contentUrl\":\"https:\/\/vagasrj.org\/br\/wp-content\/uploads\/2024\/09\/a.png\",\"width\":184,\"height\":184,\"caption\":\"Vagas Rj\"},\"image\":{\"@id\":\"https:\/\/vagasrj.org\/br\/#\/schema\/logo\/image\/\"},\"sameAs\":[\"https:\/\/www.facebook.com\/vagasdoriodejaneiro\"]},{\"@type\":\"Person\",\"@id\":\"https:\/\/vagasrj.org\/br\/#\/schema\/person\/51453733cbc43de44cfa470176889652\",\"name\":\"admin\",\"image\":{\"@type\":\"ImageObject\",\"inLanguage\":\"pt-BR\",\"@id\":\"https:\/\/vagasrj.org\/br\/#\/schema\/person\/image\/\",\"url\":\"https:\/\/secure.gravatar.com\/avatar\/67a6949d85069963345d8b67270d1c579954291ef29eb80c76fcf6b03114187d?s=96&d=mm&r=g\",\"contentUrl\":\"https:\/\/secure.gravatar.com\/avatar\/67a6949d85069963345d8b67270d1c579954291ef29eb80c76fcf6b03114187d?s=96&d=mm&r=g\",\"caption\":\"admin\"},\"sameAs\":[\"https:\/\/vagasrj.org\/br\"]}]}<\/script>\n<!-- \/ Yoast SEO plugin. -->","yoast_head_json":{"title":"Tudo o que Voc\u00ea Precisa Saber Sobre a Carteira de Trabalho Digital | Vagas Rj","description":"Com a atualiza\u00e7\u00e3o e a substitui\u00e7\u00e3o do documento f\u00edsico pela vers\u00e3o digital, \u00e9 normal ter d\u00favidas. Veja as principais quest\u00f5es agora.","robots":{"index":"index","follow":"follow","max-snippet":"max-snippet:-1","max-image-preview":"max-image-preview:large","max-video-preview":"max-video-preview:-1"},"canonical":"https:\/\/vagasrj.org\/br\/tudo-o-que-voce-precisa-saber-sobre-a-carteira-de-trabalho-digital\/","og_locale":"pt_BR","og_type":"article","og_title":"Tudo o que Voc\u00ea Precisa Saber Sobre a Carteira de Trabalho Digital | Vagas Rj","og_description":"Com a atualiza\u00e7\u00e3o e a substitui\u00e7\u00e3o do documento f\u00edsico pela vers\u00e3o digital, \u00e9 normal ter d\u00favidas. Veja as principais quest\u00f5es agora.","og_url":"https:\/\/vagasrj.org\/br\/tudo-o-que-voce-precisa-saber-sobre-a-carteira-de-trabalho-digital\/","og_site_name":"Vagas Rj","article_publisher":"https:\/\/www.facebook.com\/vagasdoriodejaneiro","article_published_time":"2024-09-16T18:23:14+00:00","article_modified_time":"2024-09-19T17:38:52+00:00","og_image":[{"width":1087,"height":569,"url":"https:\/\/vagasrj.org\/br\/wp-content\/uploads\/2024\/09\/image.png","type":"image\/png"}],"author":"admin","twitter_card":"summary_large_image","twitter_misc":{"Escrito por":"admin","Est. tempo de leitura":"4 minutos"},"schema":{"@context":"https:\/\/schema.org","@graph":[{"@type":"Article","@id":"https:\/\/vagasrj.org\/br\/tudo-o-que-voce-precisa-saber-sobre-a-carteira-de-trabalho-digital\/#article","isPartOf":{"@id":"https:\/\/vagasrj.org\/br\/tudo-o-que-voce-precisa-saber-sobre-a-carteira-de-trabalho-digital\/"},"author":{"name":"admin","@id":"https:\/\/vagasrj.org\/br\/#\/schema\/person\/51453733cbc43de44cfa470176889652"},"headline":"Tudo o que Voc\u00ea Precisa Saber Sobre a Carteira de Trabalho Digital","datePublished":"2024-09-16T18:23:14+00:00","dateModified":"2024-09-19T17:38:52+00:00","mainEntityOfPage":{"@id":"https:\/\/vagasrj.org\/br\/tudo-o-que-voce-precisa-saber-sobre-a-carteira-de-trabalho-digital\/"},"wordCount":789,"commentCount":0,"publisher":{"@id":"https:\/\/vagasrj.org\/br\/#organization"},"image":{"@id":"https:\/\/vagasrj.org\/br\/tudo-o-que-voce-precisa-saber-sobre-a-carteira-de-trabalho-digital\/#primaryimage"},"thumbnailUrl":"https:\/\/vagasrj.org\/br\/wp-content\/uploads\/2024\/09\/image.jpg","keywords":["carteira trabalho","dicas","utilidades"],"articleSection":["Utilidades"],"inLanguage":"pt-BR","potentialAction":[{"@type":"CommentAction","name":"Comment","target":["https:\/\/vagasrj.org\/br\/tudo-o-que-voce-precisa-saber-sobre-a-carteira-de-trabalho-digital\/#respond"]}]},{"@type":"WebPage","@id":"https:\/\/vagasrj.org\/br\/tudo-o-que-voce-precisa-saber-sobre-a-carteira-de-trabalho-digital\/","url":"https:\/\/vagasrj.org\/br\/tudo-o-que-voce-precisa-saber-sobre-a-carteira-de-trabalho-digital\/","name":"Tudo o que Voc\u00ea Precisa Saber Sobre a Carteira de Trabalho Digital | Vagas Rj","isPartOf":{"@id":"https:\/\/vagasrj.org\/br\/#website"},"primaryImageOfPage":{"@id":"https:\/\/vagasrj.org\/br\/tudo-o-que-voce-precisa-saber-sobre-a-carteira-de-trabalho-digital\/#primaryimage"},"image":{"@id":"https:\/\/vagasrj.org\/br\/tudo-o-que-voce-precisa-saber-sobre-a-carteira-de-trabalho-digital\/#primaryimage"},"thumbnailUrl":"https:\/\/vagasrj.org\/br\/wp-content\/uploads\/2024\/09\/image.jpg","datePublished":"2024-09-16T18:23:14+00:00","dateModified":"2024-09-19T17:38:52+00:00","description":"Com a atualiza\u00e7\u00e3o e a substitui\u00e7\u00e3o do documento f\u00edsico pela vers\u00e3o digital, \u00e9 normal ter d\u00favidas. Veja as principais quest\u00f5es agora.","breadcrumb":{"@id":"https:\/\/vagasrj.org\/br\/tudo-o-que-voce-precisa-saber-sobre-a-carteira-de-trabalho-digital\/#breadcrumb"},"inLanguage":"pt-BR","potentialAction":[{"@type":"ReadAction","target":["https:\/\/vagasrj.org\/br\/tudo-o-que-voce-precisa-saber-sobre-a-carteira-de-trabalho-digital\/"]}]},{"@type":"ImageObject","inLanguage":"pt-BR","@id":"https:\/\/vagasrj.org\/br\/tudo-o-que-voce-precisa-saber-sobre-a-carteira-de-trabalho-digital\/#primaryimage","url":"https:\/\/vagasrj.org\/br\/wp-content\/uploads\/2024\/09\/image.jpg","contentUrl":"https:\/\/vagasrj.org\/br\/wp-content\/uploads\/2024\/09\/image.jpg","width":1087,"height":569,"caption":"carteira de traabalho digital"},{"@type":"BreadcrumbList","@id":"https:\/\/vagasrj.org\/br\/tudo-o-que-voce-precisa-saber-sobre-a-carteira-de-trabalho-digital\/#breadcrumb","itemListElement":[{"@type":"ListItem","position":1,"name":"In\u00edcio","item":"https:\/\/vagasrj.org\/br\/"},{"@type":"ListItem","position":2,"name":"Tudo o que Voc\u00ea Precisa Saber Sobre a Carteira de Trabalho Digital"}]},{"@type":"WebSite","@id":"https:\/\/vagasrj.org\/br\/#website","url":"https:\/\/vagasrj.org\/br\/","name":"Vagas Rj","description":"","publisher":{"@id":"https:\/\/vagasrj.org\/br\/#organization"},"potentialAction":[{"@type":"SearchAction","target":{"@type":"EntryPoint","urlTemplate":"https:\/\/vagasrj.org\/br\/?s={search_term_string}"},"query-input":{"@type":"PropertyValueSpecification","valueRequired":true,"valueName":"search_term_string"}}],"inLanguage":"pt-BR"},{"@type":"Organization","@id":"https:\/\/vagasrj.org\/br\/#organization","name":"Vagas Rj","url":"https:\/\/vagasrj.org\/br\/","logo":{"@type":"ImageObject","inLanguage":"pt-BR","@id":"https:\/\/vagasrj.org\/br\/#\/schema\/logo\/image\/","url":"https:\/\/vagasrj.org\/br\/wp-content\/uploads\/2024\/09\/a.png","contentUrl":"https:\/\/vagasrj.org\/br\/wp-content\/uploads\/2024\/09\/a.png","width":184,"height":184,"caption":"Vagas Rj"},"image":{"@id":"https:\/\/vagasrj.org\/br\/#\/schema\/logo\/image\/"},"sameAs":["https:\/\/www.facebook.com\/vagasdoriodejaneiro"]},{"@type":"Person","@id":"https:\/\/vagasrj.org\/br\/#\/schema\/person\/51453733cbc43de44cfa470176889652","name":"admin","image":{"@type":"ImageObject","inLanguage":"pt-BR","@id":"https:\/\/vagasrj.org\/br\/#\/schema\/person\/image\/","url":"https:\/\/secure.gravatar.com\/avatar\/67a6949d85069963345d8b67270d1c579954291ef29eb80c76fcf6b03114187d?s=96&d=mm&r=g","contentUrl":"https:\/\/secure.gravatar.com\/avatar\/67a6949d85069963345d8b67270d1c579954291ef29eb80c76fcf6b03114187d?s=96&d=mm&r=g","caption":"admin"},"sameAs":["https:\/\/vagasrj.org\/br"]}]}},"_links":{"self":[{"href":"https:\/\/vagasrj.org\/br\/wp-json\/wp\/v2\/posts\/46","targetHints":{"allow":["GET"]}}],"collection":[{"href":"https:\/\/vagasrj.org\/br\/wp-json\/wp\/v2\/posts"}],"about":[{"href":"https:\/\/vagasrj.org\/br\/wp-json\/wp\/v2\/types\/post"}],"author":[{"embeddable":true,"href":"https:\/\/vagasrj.org\/br\/wp-json\/wp\/v2\/users\/1"}],"replies":[{"embeddable":true,"href":"https:\/\/vagasrj.org\/br\/wp-json\/wp\/v2\/comments?post=46"}],"version-history":[{"count":1,"href":"https:\/\/vagasrj.org\/br\/wp-json\/wp\/v2\/posts\/46\/revisions"}],"predecessor-version":[{"id":47,"href":"https:\/\/vagasrj.org\/br\/wp-json\/wp\/v2\/posts\/46\/revisions\/47"}],"wp:featuredmedia":[{"embeddable":true,"href":"https:\/\/vagasrj.org\/br\/wp-json\/wp\/v2\/media\/85"}],"wp:attachment":[{"href":"https:\/\/vagasrj.org\/br\/wp-json\/wp\/v2\/media?parent=46"}],"wp:term":[{"taxonomy":"category","embeddable":true,"href":"https:\/\/vagasrj.org\/br\/wp-json\/wp\/v2\/categories?post=46"},{"taxonomy":"post_tag","embeddable":true,"href":"https:\/\/vagasrj.org\/br\/wp-json\/wp\/v2\/tags?post=46"}],"curies":[{"name":"wp","href":"https:\/\/api.w.org\/{rel}","templated":true}]}}