{"id":148,"date":"2026-01-18T21:13:18","date_gmt":"2026-01-19T00:13:18","guid":{"rendered":"https:\/\/vagasrj.org\/br\/?p=148"},"modified":"2026-01-18T21:29:28","modified_gmt":"2026-01-19T00:29:28","slug":"pedro-sai-do-bbb-26-apos-episodio-na-casa","status":"publish","type":"post","link":"https:\/\/vagasrj.org\/br\/pedro-sai-do-bbb-26-apos-episodio-na-casa\/","title":{"rendered":"Pedro sai do BBB 26 ap\u00f3s epis\u00f3dio na casa"},"content":{"rendered":"<h1>Pedro desiste do BBB 26 ap\u00f3s acusa\u00e7\u00e3o de ass\u00e9dio contra Jordana<\/h1>\n<p>Na noite deste domingo (18), o participante <strong>Pedro Henrique<\/strong> desistiu do <strong>Big Brother Brasil 26<\/strong> ap\u00f3s ser acusado de ass\u00e9dio pela sister <strong>Jordana Morais<\/strong>. O epis\u00f3dio aconteceu na despensa da casa e foi relatado pela participante aos outros confinados.<\/p>\n<p>&nbsp;<\/p>\n<p><img loading=\"lazy\" decoding=\"async\" class=\"alignnone wp-image-149 size-large\" src=\"https:\/\/vagasrj.org\/br\/wp-content\/uploads\/2026\/01\/pedro-desiste-do-bbb-1024x576.jpg\" alt=\"\" width=\"1024\" height=\"576\" srcset=\"https:\/\/vagasrj.org\/br\/wp-content\/uploads\/2026\/01\/pedro-desiste-do-bbb-1024x576.jpg 1024w, https:\/\/vagasrj.org\/br\/wp-content\/uploads\/2026\/01\/pedro-desiste-do-bbb-300x169.jpg 300w, https:\/\/vagasrj.org\/br\/wp-content\/uploads\/2026\/01\/pedro-desiste-do-bbb-768x432.jpg 768w, https:\/\/vagasrj.org\/br\/wp-content\/uploads\/2026\/01\/pedro-desiste-do-bbb.jpg 1240w\" sizes=\"auto, (max-width: 1024px) 100vw, 1024px\" \/><\/p>\n<p>Pedro apertou o bot\u00e3o de desist\u00eancia localizado na sala da casa, horas antes da forma\u00e7\u00e3o do primeiro Pared\u00e3o da edi\u00e7\u00e3o. Antes de sair, ele conversou rapidamente com o brother <strong>Paulo Augusto<\/strong> e afirmou: <em>\u201cFiz o que n\u00e3o devia fazer\u201d<\/em>, enquanto perguntava sobre o funcionamento do bot\u00e3o de sa\u00edda.<\/p>\n<h2>O relato de Jordana<\/h2>\n<p>Em conversa com <strong>Breno<\/strong> e <strong>Paulo Augusto<\/strong>, Jordana contou que Pedro a chamou at\u00e9 a despensa sob o pretexto de mostrar um babyliss dispon\u00edvel no local. Segundo ela, a inten\u00e7\u00e3o inicial foi manter uma conviv\u00eancia cordial dentro da casa, mas a situa\u00e7\u00e3o tomou outro rumo.<\/p>\n<p><!--nextpage--><\/p>\n<p>De acordo com o relato, Pedro teria segurado o pesco\u00e7o da sister e tentado beij\u00e1-la sem consentimento.<\/p>\n<blockquote><p>\u201cEle entrou comigo no confession\u00e1rio e tentou me beijar. Eu falei: \u2018Voc\u00ea t\u00e1 louco? O que t\u00e1 fazendo?\u2019\u201d, disse Jordana.<br \/>\n\u201cEle respondeu que estava fazendo o que deu vontade\u201d, completou.<\/p><\/blockquote>\n<p>Ap\u00f3s ouvir o relato, Breno afirmou que a atitude configurava <strong>ass\u00e9dio<\/strong>, o que gerou forte repercuss\u00e3o entre os participantes.<\/p>\n<h2>A desist\u00eancia<\/h2>\n<p>Pouco tempo depois do ocorrido, Pedro decidiu deixar o reality. As imagens exibidas pelo programa&#8230;<br \/>\n<!--nextpage--><\/p>\n<p> mostram o momento em que ele aperta o bot\u00e3o de desist\u00eancia, encerrando sua participa\u00e7\u00e3o no BBB 26.<\/p>\n<p>A produ\u00e7\u00e3o do programa ainda n\u00e3o divulgou um comunicado oficial detalhando poss\u00edveis medidas adicionais sobre o caso.<\/p>\n<h2>A desist\u00eancia<\/h2>\n<p>Pouco tempo depois do ocorrido, Pedro decidiu deixar o reality. As imagens exibidas pelo programa mostram o momento em que ele aperta o bot\u00e3o de desist\u00eancia, encerrando sua participa\u00e7\u00e3o no BBB 26.<\/p>\n<p>A produ\u00e7\u00e3o do programa ainda n\u00e3o divulgou um comunicado oficial detalhando poss\u00edveis medidas adicionais sobre o caso.<\/p>\n<p>&nbsp;<\/p>\n<blockquote class=\"twitter-tweet\" data-media-max-width=\"560\">\n<p dir=\"ltr\" lang=\"pt\">\ud83d\udea8 ISSO \u00c9 MUITO GRAVE! Jordana afirma que Pedro tentou beij\u00e1-la \u00e0 for\u00e7a. <a href=\"https:\/\/twitter.com\/hashtag\/BBB26?src=hash&amp;ref_src=twsrc%5Etfw\">#BBB26<\/a> <a href=\"https:\/\/t.co\/FaonFWSTZw\">pic.twitter.com\/FaonFWSTZw<\/a><\/p>\n<p>\u2014 SB (@SeriesBrasil) <a href=\"https:\/\/twitter.com\/SeriesBrasil\/status\/2013023972820984211?ref_src=twsrc%5Etfw\">January 18, 2026<\/a><\/p><\/blockquote>\n<p><script async src=\"https:\/\/platform.twitter.com\/widgets.js\" charset=\"utf-8\"><\/script><\/p>\n<h2>Quem \u00e9 Pedro Henrique?<\/h2>\n<p>Pedro tem <strong>22 anos<\/strong>, \u00e9 <strong>casado h\u00e1 mais de dois anos com Rayne<\/strong> e trabalha como <strong>vendedor ambulante de flores e trufas<\/strong>, al\u00e9m de administrar uma floricultura digital.<\/p>\n<p>Natural de <strong>Colombo, no Paran\u00e1<\/strong>, ele mora atualmente em <strong>Curitiba<\/strong>. Em mar\u00e7o deste ano, o casal espera o nascimento da primeira filha, <strong>Aurora<\/strong>.<\/p>\n<p><em>Foto: Reprodu\u00e7\u00e3o \/ Globoplay<\/em><\/p>\n","protected":false},"excerpt":{"rendered":"<p>Pedro desiste do BBB 26 ap\u00f3s acusa\u00e7\u00e3o de ass\u00e9dio contra Jordana Na noite deste domingo (18), o participante Pedro Henrique desistiu do Big Brother Brasil 26 ap\u00f3s ser acusado de ass\u00e9dio pela sister Jordana Morais. O epis\u00f3dio aconteceu na despensa da casa e foi relatado pela participante aos outros confinados. &nbsp; Pedro apertou o bot\u00e3o &#8230; <a title=\"Pedro sai do BBB 26 ap\u00f3s epis\u00f3dio na casa\" class=\"read-more\" href=\"https:\/\/vagasrj.org\/br\/pedro-sai-do-bbb-26-apos-episodio-na-casa\/\" aria-label=\"Read more about Pedro sai do BBB 26 ap\u00f3s epis\u00f3dio na casa\">Ler mais<\/a><\/p>\n","protected":false},"author":1,"featured_media":150,"comment_status":"open","ping_status":"open","sticky":false,"template":"","format":"standard","meta":{"footnotes":""},"categories":[72],"tags":[76,74,73,75],"class_list":["post-148","post","type-post","status-publish","format-standard","has-post-thumbnail","hentry","category-bbb","tag-bbb","tag-bbb-16","tag-bbb16","tag-big-brother-brasil"],"yoast_head":"<!-- This site is optimized with the Yoast SEO plugin v26.7 - https:\/\/yoast.com\/wordpress\/plugins\/seo\/ -->\n<title>Pedro sai do BBB 26 ap\u00f3s epis\u00f3dio na casa | Vagas Rj<\/title>\n<meta name=\"description\" content=\"Pedro decidiu encerrar sua participa\u00e7\u00e3o no BBB 26. A desist\u00eancia aconteceu ap\u00f3s um epis\u00f3dio repercutido entre os participantes.\" \/>\n<meta name=\"robots\" content=\"index, follow, max-snippet:-1, max-image-preview:large, max-video-preview:-1\" \/>\n<link rel=\"canonical\" href=\"https:\/\/vagasrj.org\/br\/pedro-sai-do-bbb-26-apos-episodio-na-casa\/\" \/>\n<link rel=\"next\" href=\"https:\/\/vagasrj.org\/br\/pedro-sai-do-bbb-26-apos-episodio-na-casa\/2\/\" \/>\n<meta property=\"og:locale\" content=\"pt_BR\" \/>\n<meta property=\"og:type\" content=\"article\" \/>\n<meta property=\"og:title\" content=\"Pedro sai do BBB 26 ap\u00f3s epis\u00f3dio na casa | Vagas Rj\" \/>\n<meta property=\"og:description\" content=\"Pedro decidiu encerrar sua participa\u00e7\u00e3o no BBB 26. A desist\u00eancia aconteceu ap\u00f3s um epis\u00f3dio repercutido entre os participantes.\" \/>\n<meta property=\"og:url\" content=\"https:\/\/vagasrj.org\/br\/pedro-sai-do-bbb-26-apos-episodio-na-casa\/\" \/>\n<meta property=\"og:site_name\" content=\"Vagas Rj\" \/>\n<meta property=\"article:publisher\" content=\"https:\/\/www.facebook.com\/vagasdoriodejaneiro\" \/>\n<meta property=\"article:published_time\" content=\"2026-01-19T00:13:18+00:00\" \/>\n<meta property=\"article:modified_time\" content=\"2026-01-19T00:29:28+00:00\" \/>\n<meta property=\"og:image\" content=\"https:\/\/vagasrj.org\/br\/wp-content\/uploads\/2026\/01\/pedro-sai-bbb.jpg\" \/>\n\t<meta property=\"og:image:width\" content=\"1280\" \/>\n\t<meta property=\"og:image:height\" content=\"720\" \/>\n\t<meta property=\"og:image:type\" content=\"image\/jpeg\" \/>\n<meta name=\"author\" content=\"admin\" \/>\n<meta name=\"twitter:card\" content=\"summary_large_image\" \/>\n<meta name=\"twitter:label1\" content=\"Escrito por\" \/>\n\t<meta name=\"twitter:data1\" content=\"admin\" \/>\n\t<meta name=\"twitter:label2\" content=\"Est. tempo de leitura\" \/>\n\t<meta name=\"twitter:data2\" content=\"3 minutos\" \/>\n<script type=\"application\/ld+json\" class=\"yoast-schema-graph\">{\"@context\":\"https:\/\/schema.org\",\"@graph\":[{\"@type\":\"Article\",\"@id\":\"https:\/\/vagasrj.org\/br\/pedro-sai-do-bbb-26-apos-episodio-na-casa\/#article\",\"isPartOf\":{\"@id\":\"https:\/\/vagasrj.org\/br\/pedro-sai-do-bbb-26-apos-episodio-na-casa\/\"},\"author\":{\"name\":\"admin\",\"@id\":\"https:\/\/vagasrj.org\/br\/#\/schema\/person\/51453733cbc43de44cfa470176889652\"},\"headline\":\"Pedro sai do BBB 26 ap\u00f3s epis\u00f3dio na casa\",\"datePublished\":\"2026-01-19T00:13:18+00:00\",\"dateModified\":\"2026-01-19T00:29:28+00:00\",\"mainEntityOfPage\":{\"@id\":\"https:\/\/vagasrj.org\/br\/pedro-sai-do-bbb-26-apos-episodio-na-casa\/\"},\"wordCount\":438,\"commentCount\":0,\"publisher\":{\"@id\":\"https:\/\/vagasrj.org\/br\/#organization\"},\"image\":{\"@id\":\"https:\/\/vagasrj.org\/br\/pedro-sai-do-bbb-26-apos-episodio-na-casa\/#primaryimage\"},\"thumbnailUrl\":\"https:\/\/vagasrj.org\/br\/wp-content\/uploads\/2026\/01\/pedro-sai-bbb.jpg\",\"keywords\":[\"bbb\",\"bbb 16\",\"bbb16\",\"big brother brasil\"],\"articleSection\":[\"bbb\"],\"inLanguage\":\"pt-BR\",\"potentialAction\":[{\"@type\":\"CommentAction\",\"name\":\"Comment\",\"target\":[\"https:\/\/vagasrj.org\/br\/pedro-sai-do-bbb-26-apos-episodio-na-casa\/#respond\"]}]},{\"@type\":\"WebPage\",\"@id\":\"https:\/\/vagasrj.org\/br\/pedro-sai-do-bbb-26-apos-episodio-na-casa\/\",\"url\":\"https:\/\/vagasrj.org\/br\/pedro-sai-do-bbb-26-apos-episodio-na-casa\/\",\"name\":\"Pedro sai do BBB 26 ap\u00f3s epis\u00f3dio na casa | Vagas Rj\",\"isPartOf\":{\"@id\":\"https:\/\/vagasrj.org\/br\/#website\"},\"primaryImageOfPage\":{\"@id\":\"https:\/\/vagasrj.org\/br\/pedro-sai-do-bbb-26-apos-episodio-na-casa\/#primaryimage\"},\"image\":{\"@id\":\"https:\/\/vagasrj.org\/br\/pedro-sai-do-bbb-26-apos-episodio-na-casa\/#primaryimage\"},\"thumbnailUrl\":\"https:\/\/vagasrj.org\/br\/wp-content\/uploads\/2026\/01\/pedro-sai-bbb.jpg\",\"datePublished\":\"2026-01-19T00:13:18+00:00\",\"dateModified\":\"2026-01-19T00:29:28+00:00\",\"description\":\"Pedro decidiu encerrar sua participa\u00e7\u00e3o no BBB 26. A desist\u00eancia aconteceu ap\u00f3s um epis\u00f3dio repercutido entre os participantes.\",\"inLanguage\":\"pt-BR\",\"potentialAction\":[{\"@type\":\"ReadAction\",\"target\":[\"https:\/\/vagasrj.org\/br\/pedro-sai-do-bbb-26-apos-episodio-na-casa\/\"]}]},{\"@type\":\"ImageObject\",\"inLanguage\":\"pt-BR\",\"@id\":\"https:\/\/vagasrj.org\/br\/pedro-sai-do-bbb-26-apos-episodio-na-casa\/#primaryimage\",\"url\":\"https:\/\/vagasrj.org\/br\/wp-content\/uploads\/2026\/01\/pedro-sai-bbb.jpg\",\"contentUrl\":\"https:\/\/vagasrj.org\/br\/wp-content\/uploads\/2026\/01\/pedro-sai-bbb.jpg\",\"width\":1280,\"height\":720},{\"@type\":\"WebSite\",\"@id\":\"https:\/\/vagasrj.org\/br\/#website\",\"url\":\"https:\/\/vagasrj.org\/br\/\",\"name\":\"Vagas Rj\",\"description\":\"\",\"publisher\":{\"@id\":\"https:\/\/vagasrj.org\/br\/#organization\"},\"potentialAction\":[{\"@type\":\"SearchAction\",\"target\":{\"@type\":\"EntryPoint\",\"urlTemplate\":\"https:\/\/vagasrj.org\/br\/?s={search_term_string}\"},\"query-input\":{\"@type\":\"PropertyValueSpecification\",\"valueRequired\":true,\"valueName\":\"search_term_string\"}}],\"inLanguage\":\"pt-BR\"},{\"@type\":\"Organization\",\"@id\":\"https:\/\/vagasrj.org\/br\/#organization\",\"name\":\"Vagas Rj\",\"url\":\"https:\/\/vagasrj.org\/br\/\",\"logo\":{\"@type\":\"ImageObject\",\"inLanguage\":\"pt-BR\",\"@id\":\"https:\/\/vagasrj.org\/br\/#\/schema\/logo\/image\/\",\"url\":\"https:\/\/vagasrj.org\/br\/wp-content\/uploads\/2024\/09\/a.png\",\"contentUrl\":\"https:\/\/vagasrj.org\/br\/wp-content\/uploads\/2024\/09\/a.png\",\"width\":184,\"height\":184,\"caption\":\"Vagas Rj\"},\"image\":{\"@id\":\"https:\/\/vagasrj.org\/br\/#\/schema\/logo\/image\/\"},\"sameAs\":[\"https:\/\/www.facebook.com\/vagasdoriodejaneiro\"]},{\"@type\":\"Person\",\"@id\":\"https:\/\/vagasrj.org\/br\/#\/schema\/person\/51453733cbc43de44cfa470176889652\",\"name\":\"admin\",\"image\":{\"@type\":\"ImageObject\",\"inLanguage\":\"pt-BR\",\"@id\":\"https:\/\/vagasrj.org\/br\/#\/schema\/person\/image\/\",\"url\":\"https:\/\/secure.gravatar.com\/avatar\/67a6949d85069963345d8b67270d1c579954291ef29eb80c76fcf6b03114187d?s=96&d=mm&r=g\",\"contentUrl\":\"https:\/\/secure.gravatar.com\/avatar\/67a6949d85069963345d8b67270d1c579954291ef29eb80c76fcf6b03114187d?s=96&d=mm&r=g\",\"caption\":\"admin\"},\"sameAs\":[\"https:\/\/vagasrj.org\/br\"]}]}<\/script>\n<!-- \/ Yoast SEO plugin. -->","yoast_head_json":{"title":"Pedro sai do BBB 26 ap\u00f3s epis\u00f3dio na casa | Vagas Rj","description":"Pedro decidiu encerrar sua participa\u00e7\u00e3o no BBB 26. A desist\u00eancia aconteceu ap\u00f3s um epis\u00f3dio repercutido entre os participantes.","robots":{"index":"index","follow":"follow","max-snippet":"max-snippet:-1","max-image-preview":"max-image-preview:large","max-video-preview":"max-video-preview:-1"},"canonical":"https:\/\/vagasrj.org\/br\/pedro-sai-do-bbb-26-apos-episodio-na-casa\/","next":"https:\/\/vagasrj.org\/br\/pedro-sai-do-bbb-26-apos-episodio-na-casa\/2\/","og_locale":"pt_BR","og_type":"article","og_title":"Pedro sai do BBB 26 ap\u00f3s epis\u00f3dio na casa | Vagas Rj","og_description":"Pedro decidiu encerrar sua participa\u00e7\u00e3o no BBB 26. A desist\u00eancia aconteceu ap\u00f3s um epis\u00f3dio repercutido entre os participantes.","og_url":"https:\/\/vagasrj.org\/br\/pedro-sai-do-bbb-26-apos-episodio-na-casa\/","og_site_name":"Vagas Rj","article_publisher":"https:\/\/www.facebook.com\/vagasdoriodejaneiro","article_published_time":"2026-01-19T00:13:18+00:00","article_modified_time":"2026-01-19T00:29:28+00:00","og_image":[{"width":1280,"height":720,"url":"https:\/\/vagasrj.org\/br\/wp-content\/uploads\/2026\/01\/pedro-sai-bbb.jpg","type":"image\/jpeg"}],"author":"admin","twitter_card":"summary_large_image","twitter_misc":{"Escrito por":"admin","Est. tempo de leitura":"3 minutos"},"schema":{"@context":"https:\/\/schema.org","@graph":[{"@type":"Article","@id":"https:\/\/vagasrj.org\/br\/pedro-sai-do-bbb-26-apos-episodio-na-casa\/#article","isPartOf":{"@id":"https:\/\/vagasrj.org\/br\/pedro-sai-do-bbb-26-apos-episodio-na-casa\/"},"author":{"name":"admin","@id":"https:\/\/vagasrj.org\/br\/#\/schema\/person\/51453733cbc43de44cfa470176889652"},"headline":"Pedro sai do BBB 26 ap\u00f3s epis\u00f3dio na casa","datePublished":"2026-01-19T00:13:18+00:00","dateModified":"2026-01-19T00:29:28+00:00","mainEntityOfPage":{"@id":"https:\/\/vagasrj.org\/br\/pedro-sai-do-bbb-26-apos-episodio-na-casa\/"},"wordCount":438,"commentCount":0,"publisher":{"@id":"https:\/\/vagasrj.org\/br\/#organization"},"image":{"@id":"https:\/\/vagasrj.org\/br\/pedro-sai-do-bbb-26-apos-episodio-na-casa\/#primaryimage"},"thumbnailUrl":"https:\/\/vagasrj.org\/br\/wp-content\/uploads\/2026\/01\/pedro-sai-bbb.jpg","keywords":["bbb","bbb 16","bbb16","big brother brasil"],"articleSection":["bbb"],"inLanguage":"pt-BR","potentialAction":[{"@type":"CommentAction","name":"Comment","target":["https:\/\/vagasrj.org\/br\/pedro-sai-do-bbb-26-apos-episodio-na-casa\/#respond"]}]},{"@type":"WebPage","@id":"https:\/\/vagasrj.org\/br\/pedro-sai-do-bbb-26-apos-episodio-na-casa\/","url":"https:\/\/vagasrj.org\/br\/pedro-sai-do-bbb-26-apos-episodio-na-casa\/","name":"Pedro sai do BBB 26 ap\u00f3s epis\u00f3dio na casa | Vagas Rj","isPartOf":{"@id":"https:\/\/vagasrj.org\/br\/#website"},"primaryImageOfPage":{"@id":"https:\/\/vagasrj.org\/br\/pedro-sai-do-bbb-26-apos-episodio-na-casa\/#primaryimage"},"image":{"@id":"https:\/\/vagasrj.org\/br\/pedro-sai-do-bbb-26-apos-episodio-na-casa\/#primaryimage"},"thumbnailUrl":"https:\/\/vagasrj.org\/br\/wp-content\/uploads\/2026\/01\/pedro-sai-bbb.jpg","datePublished":"2026-01-19T00:13:18+00:00","dateModified":"2026-01-19T00:29:28+00:00","description":"Pedro decidiu encerrar sua participa\u00e7\u00e3o no BBB 26. A desist\u00eancia aconteceu ap\u00f3s um epis\u00f3dio repercutido entre os participantes.","inLanguage":"pt-BR","potentialAction":[{"@type":"ReadAction","target":["https:\/\/vagasrj.org\/br\/pedro-sai-do-bbb-26-apos-episodio-na-casa\/"]}]},{"@type":"ImageObject","inLanguage":"pt-BR","@id":"https:\/\/vagasrj.org\/br\/pedro-sai-do-bbb-26-apos-episodio-na-casa\/#primaryimage","url":"https:\/\/vagasrj.org\/br\/wp-content\/uploads\/2026\/01\/pedro-sai-bbb.jpg","contentUrl":"https:\/\/vagasrj.org\/br\/wp-content\/uploads\/2026\/01\/pedro-sai-bbb.jpg","width":1280,"height":720},{"@type":"WebSite","@id":"https:\/\/vagasrj.org\/br\/#website","url":"https:\/\/vagasrj.org\/br\/","name":"Vagas Rj","description":"","publisher":{"@id":"https:\/\/vagasrj.org\/br\/#organization"},"potentialAction":[{"@type":"SearchAction","target":{"@type":"EntryPoint","urlTemplate":"https:\/\/vagasrj.org\/br\/?s={search_term_string}"},"query-input":{"@type":"PropertyValueSpecification","valueRequired":true,"valueName":"search_term_string"}}],"inLanguage":"pt-BR"},{"@type":"Organization","@id":"https:\/\/vagasrj.org\/br\/#organization","name":"Vagas Rj","url":"https:\/\/vagasrj.org\/br\/","logo":{"@type":"ImageObject","inLanguage":"pt-BR","@id":"https:\/\/vagasrj.org\/br\/#\/schema\/logo\/image\/","url":"https:\/\/vagasrj.org\/br\/wp-content\/uploads\/2024\/09\/a.png","contentUrl":"https:\/\/vagasrj.org\/br\/wp-content\/uploads\/2024\/09\/a.png","width":184,"height":184,"caption":"Vagas Rj"},"image":{"@id":"https:\/\/vagasrj.org\/br\/#\/schema\/logo\/image\/"},"sameAs":["https:\/\/www.facebook.com\/vagasdoriodejaneiro"]},{"@type":"Person","@id":"https:\/\/vagasrj.org\/br\/#\/schema\/person\/51453733cbc43de44cfa470176889652","name":"admin","image":{"@type":"ImageObject","inLanguage":"pt-BR","@id":"https:\/\/vagasrj.org\/br\/#\/schema\/person\/image\/","url":"https:\/\/secure.gravatar.com\/avatar\/67a6949d85069963345d8b67270d1c579954291ef29eb80c76fcf6b03114187d?s=96&d=mm&r=g","contentUrl":"https:\/\/secure.gravatar.com\/avatar\/67a6949d85069963345d8b67270d1c579954291ef29eb80c76fcf6b03114187d?s=96&d=mm&r=g","caption":"admin"},"sameAs":["https:\/\/vagasrj.org\/br"]}]}},"_links":{"self":[{"href":"https:\/\/vagasrj.org\/br\/wp-json\/wp\/v2\/posts\/148","targetHints":{"allow":["GET"]}}],"collection":[{"href":"https:\/\/vagasrj.org\/br\/wp-json\/wp\/v2\/posts"}],"about":[{"href":"https:\/\/vagasrj.org\/br\/wp-json\/wp\/v2\/types\/post"}],"author":[{"embeddable":true,"href":"https:\/\/vagasrj.org\/br\/wp-json\/wp\/v2\/users\/1"}],"replies":[{"embeddable":true,"href":"https:\/\/vagasrj.org\/br\/wp-json\/wp\/v2\/comments?post=148"}],"version-history":[{"count":6,"href":"https:\/\/vagasrj.org\/br\/wp-json\/wp\/v2\/posts\/148\/revisions"}],"predecessor-version":[{"id":156,"href":"https:\/\/vagasrj.org\/br\/wp-json\/wp\/v2\/posts\/148\/revisions\/156"}],"wp:featuredmedia":[{"embeddable":true,"href":"https:\/\/vagasrj.org\/br\/wp-json\/wp\/v2\/media\/150"}],"wp:attachment":[{"href":"https:\/\/vagasrj.org\/br\/wp-json\/wp\/v2\/media?parent=148"}],"wp:term":[{"taxonomy":"category","embeddable":true,"href":"https:\/\/vagasrj.org\/br\/wp-json\/wp\/v2\/categories?post=148"},{"taxonomy":"post_tag","embeddable":true,"href":"https:\/\/vagasrj.org\/br\/wp-json\/wp\/v2\/tags?post=148"}],"curies":[{"name":"wp","href":"https:\/\/api.w.org\/{rel}","templated":true}]}}