{"id":11,"date":"2024-09-16T11:36:05","date_gmt":"2024-09-16T14:36:05","guid":{"rendered":"https:\/\/vagasrj.org\/br\/?p=11"},"modified":"2024-09-19T15:07:10","modified_gmt":"2024-09-19T18:07:10","slug":"como-responder-as-perguntas-mais-comuns-em-entrevistas-de-emprego","status":"publish","type":"post","link":"https:\/\/vagasrj.org\/br\/como-responder-as-perguntas-mais-comuns-em-entrevistas-de-emprego\/","title":{"rendered":"Como Responder \u00e0s Perguntas Mais Comuns em Entrevistas de Emprego"},"content":{"rendered":"\n<p>Este guia vai te ajudar a se preparar para as perguntas mais comuns, garantindo que voc\u00ea esteja pronto para impressionar qualquer recrutador. <\/p>\n\n\n\n<p>&#8212;<strong>Baixe no final desse artigo o pdf das perguntas e respostas<\/strong>&#8212;<\/p>\n\n\n\n<p><\/p>\n\n\n\n<div class=\"wp-block-buttons is-content-justification-center is-layout-flex wp-container-core-buttons-is-layout-14c487f4 wp-block-buttons-is-layout-flex\">\n<div class=\"wp-block-button has-custom-width wp-block-button__width-100 is-style-fill\"><a class=\"wp-block-button__link has-background has-text-align-center wp-element-button\" href=\"https:\/\/vagasrj.org\/br\/como-responder-as-perguntas-mais-comuns-em-entrevistas-de-emprego\/2\/\" style=\"background-color:#37a400\"><strong>Baixe o arquivo pdf, para ler futuramente<\/strong>>>><\/a><\/div>\n<\/div>\n\n\n\n<h3 class=\"wp-block-heading\"><strong>1. Introdu\u00e7\u00e3o<\/strong><\/h3>\n\n\n\n<p><strong>As entrevistas de emprego podem ser um desafio, mas tamb\u00e9m s\u00e3o uma oportunidade incr\u00edvel para mostrar seu valor e se destacar entre os candidatos.<\/strong> Este guia vai te ajudar a se preparar para as perguntas mais comuns, garantindo que voc\u00ea esteja pronto para impressionar qualquer recrutador. Vamos explorar como estruturar suas respostas e se preparar para cada tipo de pergunta que pode surgir.<\/p>\n\n\n\n<h3 class=\"wp-block-heading\"><strong>2. Pergunta: &#8220;Fale-me sobre voc\u00ea&#8221;<\/strong><\/h3>\n\n\n\n<p><strong>Essa \u00e9 uma das perguntas mais abertas e, ao mesmo tempo, mais desafiadoras em uma entrevista.<\/strong> O objetivo \u00e9 fornecer uma vis\u00e3o geral de quem voc\u00ea \u00e9 profissionalmente e pessoalmente. Para responder a essa pergunta de forma eficaz, siga estas dicas:<\/p>\n\n\n\n<h4 class=\"wp-block-heading\"><strong>Como Estruturar a Resposta<\/strong><\/h4>\n\n\n\n<ol class=\"wp-block-list\">\n<li><strong>Comece com uma breve introdu\u00e7\u00e3o<\/strong> sobre sua forma\u00e7\u00e3o acad\u00eamica e experi\u00eancia profissional relevante.<\/li>\n\n\n\n<li><strong>Destaque suas conquistas<\/strong> e habilidades que se alinham com o trabalho para o qual voc\u00ea est\u00e1 se candidatando.<\/li>\n\n\n\n<li><strong>Conclua com um resumo<\/strong> que mostre por que voc\u00ea est\u00e1 entusiasmado com a oportunidade.<\/li>\n<\/ol>\n\n\n\n<h4 class=\"wp-block-heading\"><strong>Exemplos de Respostas Eficazes<\/strong><\/h4>\n\n\n\n<p>&#8220;Sou formado em Administra\u00e7\u00e3o e tenho trabalhado nos \u00faltimos cinco anos em gest\u00e3o de projetos. Recentemente, liderei uma equipe que conseguiu aumentar a efici\u00eancia em 20%. Estou buscando uma nova oportunidade para aplicar minhas habilidades em um ambiente mais desafiador.&#8221;<\/p>\n\n\n\n<h3 class=\"wp-block-heading\"><strong>3. Pergunta: &#8220;Por que voc\u00ea quer trabalhar aqui?&#8221;<\/strong><\/h3>\n\n\n\n<p><strong>Os recrutadores querem saber se voc\u00ea fez sua li\u00e7\u00e3o de casa sobre a empresa e se sua motiva\u00e7\u00e3o est\u00e1 alinhada com os valores e objetivos da organiza\u00e7\u00e3o.<\/strong><\/p>\n\n\n\n<h4 class=\"wp-block-heading\"><strong>Pesquisa e Conhecimento da Empresa<\/strong><\/h4>\n\n\n\n<ol class=\"wp-block-list\">\n<li><strong>Pesquise a miss\u00e3o, vis\u00e3o e valores da empresa.<\/strong><\/li>\n\n\n\n<li><strong>Entenda os produtos ou servi\u00e7os que a empresa oferece e como ela se posiciona no mercado.<\/strong><\/li>\n<\/ol>\n\n\n\n<h4 class=\"wp-block-heading\"><strong>Como Alinhar Suas Respostas aos Valores da Empresa<\/strong><\/h4>\n\n\n\n<p>&#8220;Estou muito impressionado com a abordagem inovadora da empresa para a sustentabilidade. Eu compartilho o mesmo valor e acredito que poderia contribuir significativamente para seus projetos de desenvolvimento sustent\u00e1vel.&#8221;<\/p>\n\n\n\n<h3 class=\"wp-block-heading\"><strong>4. Pergunta: &#8220;Quais s\u00e3o seus pontos fortes?&#8221;<\/strong><\/h3>\n\n\n\n<p><strong>Esta \u00e9 sua chance de mostrar o que voc\u00ea faz de melhor e como isso pode beneficiar o empregador.<\/strong><\/p>\n\n\n\n<h4 class=\"wp-block-heading\"><strong>Identificando Seus Pontos Fortes<\/strong><\/h4>\n\n\n\n<ol class=\"wp-block-list\">\n<li><strong>Escolha pontos fortes que sejam relevantes para a vaga.<\/strong><\/li>\n\n\n\n<li><strong>Use exemplos concretos<\/strong> para ilustrar cada ponto forte.<\/li>\n<\/ol>\n\n\n\n<h4 class=\"wp-block-heading\"><strong>Como Relacionar Pontos Fortes \u00e0s Requisitos da Vaga<\/strong><\/h4>\n\n\n\n<p>&#8220;Uma das minhas principais qualidades \u00e9 a minha habilidade em lideran\u00e7a. No meu emprego anterior, fui respons\u00e1vel por uma equipe que alcan\u00e7ou os objetivos de vendas tr\u00eas trimestres consecutivos.&#8221;<\/p>\n\n\n\n<h3 class=\"wp-block-heading\"><strong>5. Pergunta: &#8220;Quais s\u00e3o suas fraquezas?&#8221;<\/strong><\/h3>\n\n\n\n<p><strong>Falar sobre fraquezas pode ser desconfort\u00e1vel, mas \u00e9 uma oportunidade para mostrar auto-consci\u00eancia e crescimento pessoal.<\/strong><\/p>\n\n\n\n<h4 class=\"wp-block-heading\"><strong>Escolhendo Fraquezas Aceit\u00e1veis<\/strong><\/h4>\n\n\n\n<ol class=\"wp-block-list\">\n<li><strong>Escolha fraquezas que n\u00e3o sejam cr\u00edticas para o cargo.<\/strong><\/li>\n\n\n\n<li><strong>Mostre como voc\u00ea est\u00e1 trabalhando para melhorar essa fraqueza.<\/strong><\/li>\n<\/ol>\n\n\n\n<h4 class=\"wp-block-heading\"><strong>Como Mostrar Desenvolvimento e Aprendizado<\/strong><\/h4>\n\n\n\n<p>&#8220;Eu costumava ter dificuldades com gerenciamento de tempo, mas recentemente comecei a usar t\u00e9cnicas de organiza\u00e7\u00e3o, como o m\u00e9todo Pomodoro, para melhorar minha produtividade.&#8221;<\/p>\n\n\n\n<h3 class=\"wp-block-heading\"><strong>6. Pergunta: &#8220;Por que devemos contrat\u00e1-lo?&#8221;<\/strong><\/h3>\n\n\n\n<p><strong>Este \u00e9 o momento de destacar o que te torna \u00fanico e como suas habilidades e experi\u00eancias s\u00e3o uma combina\u00e7\u00e3o perfeita para a vaga.<\/strong><\/p>\n\n\n\n<h4 class=\"wp-block-heading\"><strong>Como Destacar Suas Qualidades \u00danicas<\/strong><\/h4>\n\n\n\n<ol class=\"wp-block-list\">\n<li><strong>Enfatize habilidades ou experi\u00eancias espec\u00edficas<\/strong> que s\u00e3o dif\u00edceis de encontrar em outros candidatos.<\/li>\n\n\n\n<li><strong>Relacione suas qualidades diretamente \u00e0s necessidades da empresa.<\/strong><\/li>\n<\/ol>\n\n\n\n<h4 class=\"wp-block-heading\"><strong>Relacionando Experi\u00eancias Passadas \u00e0s Necessidades da Vaga<\/strong><\/h4>\n\n\n\n<p>&#8220;Minha experi\u00eancia em gerenciamento de projetos e meu hist\u00f3rico de implementa\u00e7\u00e3o bem-sucedida de estrat\u00e9gias de marketing digital me fazem um \u00f3timo ajuste para esta posi\u00e7\u00e3o, pois a empresa est\u00e1 buscando algu\u00e9m para liderar novos projetos.&#8221;<\/p>\n\n\n\n<h3 class=\"wp-block-heading\"><strong>7. Pergunta: &#8220;Onde voc\u00ea se v\u00ea em cinco anos?&#8221;<\/strong><\/h3>\n\n\n\n<p><strong>Os empregadores querem saber se voc\u00ea tem planos de longo prazo e se est\u00e1 alinhado com a empresa.<\/strong><\/p>\n\n\n\n<h4 class=\"wp-block-heading\"><strong>Import\u00e2ncia de Ter um Plano de Carreira<\/strong><\/h4>\n\n\n\n<ol class=\"wp-block-list\">\n<li><strong>Mostre que voc\u00ea tem objetivos claros<\/strong> e que esses objetivos est\u00e3o alinhados com a posi\u00e7\u00e3o para a qual est\u00e1 se candidatando.<\/li>\n\n\n\n<li><strong>Demonstre ambi\u00e7\u00e3o e compromisso.<\/strong><\/li>\n<\/ol>\n\n\n\n<h4 class=\"wp-block-heading\"><strong>Como Demonstrar Ambi\u00e7\u00e3o e Realismo<\/strong><\/h4>\n\n\n\n<p>&#8220;Eu me vejo assumindo um papel de lideran\u00e7a na \u00e1rea de marketing. Espero crescer dentro da empresa e contribuir para o desenvolvimento de novas estrat\u00e9gias que ampliem nossa presen\u00e7a no mercado.&#8221;<\/p>\n\n\n\n<h3 class=\"wp-block-heading\"><strong>8. Pergunta: &#8220;Conte-me sobre um desafio ou conflito no trabalho e como voc\u00ea lidou com ele.&#8221;<\/strong><\/h3>\n\n\n\n<p><strong>Os recrutadores est\u00e3o interessados em saber como voc\u00ea lida com situa\u00e7\u00f5es dif\u00edceis e resolve problemas.<\/strong><\/p>\n\n\n\n<h4 class=\"wp-block-heading\"><strong>Escolhendo o Exemplo Certo<\/strong><\/h4>\n\n\n\n<ol class=\"wp-block-list\">\n<li><strong>Escolha uma situa\u00e7\u00e3o que teve um impacto significativo.<\/strong><\/li>\n\n\n\n<li><strong>Destaque sua abordagem para resolver o problema.<\/strong><\/li>\n<\/ol>\n\n\n\n<h4 class=\"wp-block-heading\"><strong>Estruturando a Resposta com o M\u00e9todo STAR<\/strong><\/h4>\n\n\n\n<p><strong>Situa\u00e7\u00e3o:<\/strong> &#8220;Durante um projeto cr\u00edtico, houve um conflito entre dois membros da equipe.&#8221; <strong>Tarefa:<\/strong> &#8220;Minha tarefa era mediar o conflito e garantir que o projeto continuasse no prazo.&#8221; <strong>A\u00e7\u00e3o:<\/strong> &#8220;Organizei uma reuni\u00e3o para discutir as preocupa\u00e7\u00f5es de ambos os lados e trabalhei para encontrar uma solu\u00e7\u00e3o mutuamente aceit\u00e1vel.&#8221; <strong>Resultado:<\/strong> &#8220;O projeto foi entregue no prazo e o relacionamento entre os membros da equipe melhorou.&#8221;<\/p>\n\n\n\n<h3 class=\"wp-block-heading\"><strong>9. Pergunta: &#8220;Como voc\u00ea lida com o estresse e a press\u00e3o?&#8221;<\/strong><\/h3>\n\n\n\n<p><strong>Os empregadores querem entender como voc\u00ea mant\u00e9m a calma e a produtividade em situa\u00e7\u00f5es desafiadoras.<\/strong><\/p>\n\n\n\n<h4 class=\"wp-block-heading\"><strong>T\u00e9cnicas de Gest\u00e3o de Estresse<\/strong><\/h4>\n\n\n\n<ol class=\"wp-block-list\">\n<li><strong>Descreva m\u00e9todos que voc\u00ea usa para manter o equil\u00edbrio, como a medita\u00e7\u00e3o ou t\u00e9cnicas de gerenciamento de tempo.<\/strong><\/li>\n\n\n\n<li><strong>Mostre como voc\u00ea prioriza suas tarefas.<\/strong><\/li>\n<\/ol>\n\n\n\n<h4 class=\"wp-block-heading\"><strong>Exemplos de Situa\u00e7\u00f5es de Alta Press\u00e3o<\/strong><\/h4>\n\n\n\n<p>&#8220;Quando enfrentamos um prazo apertado para uma entrega de cliente, eu priorizei tarefas e dividi o trabalho em partes menores. Tamb\u00e9m comuniquei claramente com minha equipe sobre as expectativas e ajudamos uns aos outros para cumprir o prazo.&#8221;<\/p>\n\n\n\n<h3 class=\"wp-block-heading\"><strong>10. Pergunta: &#8220;Voc\u00ea prefere trabalhar em equipe ou individualmente?&#8221;<\/strong><\/h3>\n\n\n\n<p>**Esta pergunta avalia sua flexibilidade e prefer\u00eancia de estilo de trabalho<\/p>\n\n\n\n<p class=\"has-text-align-center\"><\/p>\n\n\n\n<div class=\"wp-block-buttons is-content-justification-center is-layout-flex wp-container-core-buttons-is-layout-14c487f4 wp-block-buttons-is-layout-flex\">\n<div class=\"wp-block-button has-custom-width wp-block-button__width-100 is-style-fill\"><a class=\"wp-block-button__link has-background has-text-align-center wp-element-button\" href=\"https:\/\/vagasrj.org\/br\/como-responder-as-perguntas-mais-comuns-em-entrevistas-de-emprego\/2\/\" style=\"background-color:#37a400\"><strong>Baixe o arquivo pdf, para ler futuramente<\/strong>>>><\/a><\/div>\n<\/div>\n\n\n\n<!--nextpage-->\n\n\n\n<p>Ol\u00e1! Se voc\u00ea est\u00e1 se preparando para uma entrevista de emprego, tenho uma dica valiosa para voc\u00ea. Baixe o nosso PDF com perguntas e respostas de entrevistas para se preparar melhor e aumentar suas chances de sucesso. \u00c9 um material pr\u00e1tico e direto ao ponto, ideal para ajudar voc\u00ea a se sentir mais confiante. N\u00e3o perca a oportunidade de se destacar! Clique no link abaixo e fa\u00e7a o download agora mesmo. Boa sorte!<\/p>\n\n\n\n<div data-wp-interactive=\"core\/file\" class=\"wp-block-file\"><object data-wp-bind--hidden=\"!state.hasPdfPreview\" hidden class=\"wp-block-file__embed\" data=\"https:\/\/vagasrj.org\/br\/wp-content\/uploads\/2024\/09\/perguntas-respostas-entrevista-www_vagasjr_org.pdf\" type=\"application\/pdf\" style=\"width:100%;height:600px\" aria-label=\"Incorporado de perguntas-respostas-entrevista-www_vagasjr_org.\"><\/object><a id=\"wp-block-file--media-2edb5883-23b1-4ec4-a262-1f7182e576b4\" href=\"https:\/\/vagasrj.org\/br\/wp-content\/uploads\/2024\/09\/perguntas-respostas-entrevista-www_vagasjr_org.pdf\">perguntas-respostas-entrevista-www_vagasjr_org<\/a><a href=\"https:\/\/vagasrj.org\/br\/wp-content\/uploads\/2024\/09\/perguntas-respostas-entrevista-www_vagasjr_org.pdf\" class=\"wp-block-file__button wp-element-button\" download aria-describedby=\"wp-block-file--media-2edb5883-23b1-4ec4-a262-1f7182e576b4\">Baixa<\/a><\/div>\n","protected":false},"excerpt":{"rendered":"<p>Este guia vai te ajudar a se preparar para as perguntas mais comuns, garantindo que voc\u00ea esteja pronto para impressionar qualquer recrutador. &#8212;Baixe no final desse artigo o pdf das perguntas e respostas&#8212; 1. Introdu\u00e7\u00e3o As entrevistas de emprego podem ser um desafio, mas tamb\u00e9m s\u00e3o uma oportunidade incr\u00edvel para mostrar seu valor e se &#8230; <a title=\"Como Responder \u00e0s Perguntas Mais Comuns em Entrevistas de Emprego\" class=\"read-more\" href=\"https:\/\/vagasrj.org\/br\/como-responder-as-perguntas-mais-comuns-em-entrevistas-de-emprego\/\" aria-label=\"Read more about Como Responder \u00e0s Perguntas Mais Comuns em Entrevistas de Emprego\">Ler mais<\/a><\/p>\n","protected":false},"author":1,"featured_media":88,"comment_status":"closed","ping_status":"open","sticky":false,"template":"","format":"standard","meta":{"footnotes":""},"categories":[3],"tags":[22,26,27,28,29],"class_list":["post-11","post","type-post","status-publish","format-standard","has-post-thumbnail","hentry","category-dicas","tag-dicas-de-carreira","tag-entrevista-de-emprego","tag-perguntas-frequentes","tag-preparacao-para-entrevistas","tag-tecnicas-de-resposta"],"yoast_head":"<!-- This site is optimized with the Yoast SEO plugin v26.7 - https:\/\/yoast.com\/wordpress\/plugins\/seo\/ -->\n<title>Como Responder \u00e0s Perguntas Mais Comuns em Entrevistas de Emprego | Vagas Rj<\/title>\n<meta name=\"description\" content=\"Veja como se destacar em entrevistas de emprego com nossas dicas sobre como responder \u00e0s perguntas mais comuns de forma eficaz.\" \/>\n<meta name=\"robots\" content=\"index, follow, max-snippet:-1, max-image-preview:large, max-video-preview:-1\" \/>\n<link rel=\"canonical\" href=\"https:\/\/vagasrj.org\/br\/como-responder-as-perguntas-mais-comuns-em-entrevistas-de-emprego\/\" \/>\n<link rel=\"next\" href=\"https:\/\/vagasrj.org\/br\/como-responder-as-perguntas-mais-comuns-em-entrevistas-de-emprego\/2\/\" \/>\n<meta property=\"og:locale\" content=\"pt_BR\" \/>\n<meta property=\"og:type\" content=\"article\" \/>\n<meta property=\"og:title\" content=\"Como Responder \u00e0s Perguntas Mais Comuns em Entrevistas de Emprego | Vagas Rj\" \/>\n<meta property=\"og:description\" content=\"Veja como se destacar em entrevistas de emprego com nossas dicas sobre como responder \u00e0s perguntas mais comuns de forma eficaz.\" \/>\n<meta property=\"og:url\" content=\"https:\/\/vagasrj.org\/br\/como-responder-as-perguntas-mais-comuns-em-entrevistas-de-emprego\/\" \/>\n<meta property=\"og:site_name\" content=\"Vagas Rj\" \/>\n<meta property=\"article:publisher\" content=\"https:\/\/www.facebook.com\/vagasdoriodejaneiro\" \/>\n<meta property=\"article:published_time\" content=\"2024-09-16T14:36:05+00:00\" \/>\n<meta property=\"article:modified_time\" content=\"2024-09-19T18:07:10+00:00\" \/>\n<meta property=\"og:image\" content=\"https:\/\/vagasrj.org\/br\/wp-content\/uploads\/2024\/09\/image-3.jpg\" \/>\n\t<meta property=\"og:image:width\" content=\"1090\" \/>\n\t<meta property=\"og:image:height\" content=\"569\" \/>\n\t<meta property=\"og:image:type\" content=\"image\/jpeg\" \/>\n<meta name=\"author\" content=\"admin\" \/>\n<meta name=\"twitter:card\" content=\"summary_large_image\" \/>\n<meta name=\"twitter:label1\" content=\"Escrito por\" \/>\n\t<meta name=\"twitter:data1\" content=\"admin\" \/>\n\t<meta name=\"twitter:label2\" content=\"Est. tempo de leitura\" \/>\n\t<meta name=\"twitter:data2\" content=\"6 minutos\" \/>\n<script type=\"application\/ld+json\" class=\"yoast-schema-graph\">{\"@context\":\"https:\/\/schema.org\",\"@graph\":[{\"@type\":\"Article\",\"@id\":\"https:\/\/vagasrj.org\/br\/como-responder-as-perguntas-mais-comuns-em-entrevistas-de-emprego\/#article\",\"isPartOf\":{\"@id\":\"https:\/\/vagasrj.org\/br\/como-responder-as-perguntas-mais-comuns-em-entrevistas-de-emprego\/\"},\"author\":{\"name\":\"admin\",\"@id\":\"https:\/\/vagasrj.org\/br\/#\/schema\/person\/51453733cbc43de44cfa470176889652\"},\"headline\":\"Como Responder \u00e0s Perguntas Mais Comuns em Entrevistas de Emprego\",\"datePublished\":\"2024-09-16T14:36:05+00:00\",\"dateModified\":\"2024-09-19T18:07:10+00:00\",\"mainEntityOfPage\":{\"@id\":\"https:\/\/vagasrj.org\/br\/como-responder-as-perguntas-mais-comuns-em-entrevistas-de-emprego\/\"},\"wordCount\":1093,\"publisher\":{\"@id\":\"https:\/\/vagasrj.org\/br\/#organization\"},\"image\":{\"@id\":\"https:\/\/vagasrj.org\/br\/como-responder-as-perguntas-mais-comuns-em-entrevistas-de-emprego\/#primaryimage\"},\"thumbnailUrl\":\"https:\/\/vagasrj.org\/br\/wp-content\/uploads\/2024\/09\/image-3.jpg\",\"keywords\":[\"dicas de carreira\",\"entrevista de emprego\",\"perguntas frequentes\",\"prepara\u00e7\u00e3o para entrevistas\",\"t\u00e9cnicas de resposta\"],\"articleSection\":[\"Dicas\"],\"inLanguage\":\"pt-BR\"},{\"@type\":\"WebPage\",\"@id\":\"https:\/\/vagasrj.org\/br\/como-responder-as-perguntas-mais-comuns-em-entrevistas-de-emprego\/\",\"url\":\"https:\/\/vagasrj.org\/br\/como-responder-as-perguntas-mais-comuns-em-entrevistas-de-emprego\/\",\"name\":\"Como Responder \u00e0s Perguntas Mais Comuns em Entrevistas de Emprego | Vagas Rj\",\"isPartOf\":{\"@id\":\"https:\/\/vagasrj.org\/br\/#website\"},\"primaryImageOfPage\":{\"@id\":\"https:\/\/vagasrj.org\/br\/como-responder-as-perguntas-mais-comuns-em-entrevistas-de-emprego\/#primaryimage\"},\"image\":{\"@id\":\"https:\/\/vagasrj.org\/br\/como-responder-as-perguntas-mais-comuns-em-entrevistas-de-emprego\/#primaryimage\"},\"thumbnailUrl\":\"https:\/\/vagasrj.org\/br\/wp-content\/uploads\/2024\/09\/image-3.jpg\",\"datePublished\":\"2024-09-16T14:36:05+00:00\",\"dateModified\":\"2024-09-19T18:07:10+00:00\",\"description\":\"Veja como se destacar em entrevistas de emprego com nossas dicas sobre como responder \u00e0s perguntas mais comuns de forma eficaz.\",\"inLanguage\":\"pt-BR\",\"potentialAction\":[{\"@type\":\"ReadAction\",\"target\":[\"https:\/\/vagasrj.org\/br\/como-responder-as-perguntas-mais-comuns-em-entrevistas-de-emprego\/\"]}]},{\"@type\":\"ImageObject\",\"inLanguage\":\"pt-BR\",\"@id\":\"https:\/\/vagasrj.org\/br\/como-responder-as-perguntas-mais-comuns-em-entrevistas-de-emprego\/#primaryimage\",\"url\":\"https:\/\/vagasrj.org\/br\/wp-content\/uploads\/2024\/09\/image-3.jpg\",\"contentUrl\":\"https:\/\/vagasrj.org\/br\/wp-content\/uploads\/2024\/09\/image-3.jpg\",\"width\":1090,\"height\":569,\"caption\":\"entrevista de emprego\"},{\"@type\":\"WebSite\",\"@id\":\"https:\/\/vagasrj.org\/br\/#website\",\"url\":\"https:\/\/vagasrj.org\/br\/\",\"name\":\"Vagas Rj\",\"description\":\"\",\"publisher\":{\"@id\":\"https:\/\/vagasrj.org\/br\/#organization\"},\"potentialAction\":[{\"@type\":\"SearchAction\",\"target\":{\"@type\":\"EntryPoint\",\"urlTemplate\":\"https:\/\/vagasrj.org\/br\/?s={search_term_string}\"},\"query-input\":{\"@type\":\"PropertyValueSpecification\",\"valueRequired\":true,\"valueName\":\"search_term_string\"}}],\"inLanguage\":\"pt-BR\"},{\"@type\":\"Organization\",\"@id\":\"https:\/\/vagasrj.org\/br\/#organization\",\"name\":\"Vagas Rj\",\"url\":\"https:\/\/vagasrj.org\/br\/\",\"logo\":{\"@type\":\"ImageObject\",\"inLanguage\":\"pt-BR\",\"@id\":\"https:\/\/vagasrj.org\/br\/#\/schema\/logo\/image\/\",\"url\":\"https:\/\/vagasrj.org\/br\/wp-content\/uploads\/2024\/09\/a.png\",\"contentUrl\":\"https:\/\/vagasrj.org\/br\/wp-content\/uploads\/2024\/09\/a.png\",\"width\":184,\"height\":184,\"caption\":\"Vagas Rj\"},\"image\":{\"@id\":\"https:\/\/vagasrj.org\/br\/#\/schema\/logo\/image\/\"},\"sameAs\":[\"https:\/\/www.facebook.com\/vagasdoriodejaneiro\"]},{\"@type\":\"Person\",\"@id\":\"https:\/\/vagasrj.org\/br\/#\/schema\/person\/51453733cbc43de44cfa470176889652\",\"name\":\"admin\",\"image\":{\"@type\":\"ImageObject\",\"inLanguage\":\"pt-BR\",\"@id\":\"https:\/\/vagasrj.org\/br\/#\/schema\/person\/image\/\",\"url\":\"https:\/\/secure.gravatar.com\/avatar\/67a6949d85069963345d8b67270d1c579954291ef29eb80c76fcf6b03114187d?s=96&d=mm&r=g\",\"contentUrl\":\"https:\/\/secure.gravatar.com\/avatar\/67a6949d85069963345d8b67270d1c579954291ef29eb80c76fcf6b03114187d?s=96&d=mm&r=g\",\"caption\":\"admin\"},\"sameAs\":[\"https:\/\/vagasrj.org\/br\"]}]}<\/script>\n<!-- \/ Yoast SEO plugin. -->","yoast_head_json":{"title":"Como Responder \u00e0s Perguntas Mais Comuns em Entrevistas de Emprego | Vagas Rj","description":"Veja como se destacar em entrevistas de emprego com nossas dicas sobre como responder \u00e0s perguntas mais comuns de forma eficaz.","robots":{"index":"index","follow":"follow","max-snippet":"max-snippet:-1","max-image-preview":"max-image-preview:large","max-video-preview":"max-video-preview:-1"},"canonical":"https:\/\/vagasrj.org\/br\/como-responder-as-perguntas-mais-comuns-em-entrevistas-de-emprego\/","next":"https:\/\/vagasrj.org\/br\/como-responder-as-perguntas-mais-comuns-em-entrevistas-de-emprego\/2\/","og_locale":"pt_BR","og_type":"article","og_title":"Como Responder \u00e0s Perguntas Mais Comuns em Entrevistas de Emprego | Vagas Rj","og_description":"Veja como se destacar em entrevistas de emprego com nossas dicas sobre como responder \u00e0s perguntas mais comuns de forma eficaz.","og_url":"https:\/\/vagasrj.org\/br\/como-responder-as-perguntas-mais-comuns-em-entrevistas-de-emprego\/","og_site_name":"Vagas Rj","article_publisher":"https:\/\/www.facebook.com\/vagasdoriodejaneiro","article_published_time":"2024-09-16T14:36:05+00:00","article_modified_time":"2024-09-19T18:07:10+00:00","og_image":[{"width":1090,"height":569,"url":"https:\/\/vagasrj.org\/br\/wp-content\/uploads\/2024\/09\/image-3.jpg","type":"image\/jpeg"}],"author":"admin","twitter_card":"summary_large_image","twitter_misc":{"Escrito por":"admin","Est. tempo de leitura":"6 minutos"},"schema":{"@context":"https:\/\/schema.org","@graph":[{"@type":"Article","@id":"https:\/\/vagasrj.org\/br\/como-responder-as-perguntas-mais-comuns-em-entrevistas-de-emprego\/#article","isPartOf":{"@id":"https:\/\/vagasrj.org\/br\/como-responder-as-perguntas-mais-comuns-em-entrevistas-de-emprego\/"},"author":{"name":"admin","@id":"https:\/\/vagasrj.org\/br\/#\/schema\/person\/51453733cbc43de44cfa470176889652"},"headline":"Como Responder \u00e0s Perguntas Mais Comuns em Entrevistas de Emprego","datePublished":"2024-09-16T14:36:05+00:00","dateModified":"2024-09-19T18:07:10+00:00","mainEntityOfPage":{"@id":"https:\/\/vagasrj.org\/br\/como-responder-as-perguntas-mais-comuns-em-entrevistas-de-emprego\/"},"wordCount":1093,"publisher":{"@id":"https:\/\/vagasrj.org\/br\/#organization"},"image":{"@id":"https:\/\/vagasrj.org\/br\/como-responder-as-perguntas-mais-comuns-em-entrevistas-de-emprego\/#primaryimage"},"thumbnailUrl":"https:\/\/vagasrj.org\/br\/wp-content\/uploads\/2024\/09\/image-3.jpg","keywords":["dicas de carreira","entrevista de emprego","perguntas frequentes","prepara\u00e7\u00e3o para entrevistas","t\u00e9cnicas de resposta"],"articleSection":["Dicas"],"inLanguage":"pt-BR"},{"@type":"WebPage","@id":"https:\/\/vagasrj.org\/br\/como-responder-as-perguntas-mais-comuns-em-entrevistas-de-emprego\/","url":"https:\/\/vagasrj.org\/br\/como-responder-as-perguntas-mais-comuns-em-entrevistas-de-emprego\/","name":"Como Responder \u00e0s Perguntas Mais Comuns em Entrevistas de Emprego | Vagas Rj","isPartOf":{"@id":"https:\/\/vagasrj.org\/br\/#website"},"primaryImageOfPage":{"@id":"https:\/\/vagasrj.org\/br\/como-responder-as-perguntas-mais-comuns-em-entrevistas-de-emprego\/#primaryimage"},"image":{"@id":"https:\/\/vagasrj.org\/br\/como-responder-as-perguntas-mais-comuns-em-entrevistas-de-emprego\/#primaryimage"},"thumbnailUrl":"https:\/\/vagasrj.org\/br\/wp-content\/uploads\/2024\/09\/image-3.jpg","datePublished":"2024-09-16T14:36:05+00:00","dateModified":"2024-09-19T18:07:10+00:00","description":"Veja como se destacar em entrevistas de emprego com nossas dicas sobre como responder \u00e0s perguntas mais comuns de forma eficaz.","inLanguage":"pt-BR","potentialAction":[{"@type":"ReadAction","target":["https:\/\/vagasrj.org\/br\/como-responder-as-perguntas-mais-comuns-em-entrevistas-de-emprego\/"]}]},{"@type":"ImageObject","inLanguage":"pt-BR","@id":"https:\/\/vagasrj.org\/br\/como-responder-as-perguntas-mais-comuns-em-entrevistas-de-emprego\/#primaryimage","url":"https:\/\/vagasrj.org\/br\/wp-content\/uploads\/2024\/09\/image-3.jpg","contentUrl":"https:\/\/vagasrj.org\/br\/wp-content\/uploads\/2024\/09\/image-3.jpg","width":1090,"height":569,"caption":"entrevista de emprego"},{"@type":"WebSite","@id":"https:\/\/vagasrj.org\/br\/#website","url":"https:\/\/vagasrj.org\/br\/","name":"Vagas Rj","description":"","publisher":{"@id":"https:\/\/vagasrj.org\/br\/#organization"},"potentialAction":[{"@type":"SearchAction","target":{"@type":"EntryPoint","urlTemplate":"https:\/\/vagasrj.org\/br\/?s={search_term_string}"},"query-input":{"@type":"PropertyValueSpecification","valueRequired":true,"valueName":"search_term_string"}}],"inLanguage":"pt-BR"},{"@type":"Organization","@id":"https:\/\/vagasrj.org\/br\/#organization","name":"Vagas Rj","url":"https:\/\/vagasrj.org\/br\/","logo":{"@type":"ImageObject","inLanguage":"pt-BR","@id":"https:\/\/vagasrj.org\/br\/#\/schema\/logo\/image\/","url":"https:\/\/vagasrj.org\/br\/wp-content\/uploads\/2024\/09\/a.png","contentUrl":"https:\/\/vagasrj.org\/br\/wp-content\/uploads\/2024\/09\/a.png","width":184,"height":184,"caption":"Vagas Rj"},"image":{"@id":"https:\/\/vagasrj.org\/br\/#\/schema\/logo\/image\/"},"sameAs":["https:\/\/www.facebook.com\/vagasdoriodejaneiro"]},{"@type":"Person","@id":"https:\/\/vagasrj.org\/br\/#\/schema\/person\/51453733cbc43de44cfa470176889652","name":"admin","image":{"@type":"ImageObject","inLanguage":"pt-BR","@id":"https:\/\/vagasrj.org\/br\/#\/schema\/person\/image\/","url":"https:\/\/secure.gravatar.com\/avatar\/67a6949d85069963345d8b67270d1c579954291ef29eb80c76fcf6b03114187d?s=96&d=mm&r=g","contentUrl":"https:\/\/secure.gravatar.com\/avatar\/67a6949d85069963345d8b67270d1c579954291ef29eb80c76fcf6b03114187d?s=96&d=mm&r=g","caption":"admin"},"sameAs":["https:\/\/vagasrj.org\/br"]}]}},"_links":{"self":[{"href":"https:\/\/vagasrj.org\/br\/wp-json\/wp\/v2\/posts\/11","targetHints":{"allow":["GET"]}}],"collection":[{"href":"https:\/\/vagasrj.org\/br\/wp-json\/wp\/v2\/posts"}],"about":[{"href":"https:\/\/vagasrj.org\/br\/wp-json\/wp\/v2\/types\/post"}],"author":[{"embeddable":true,"href":"https:\/\/vagasrj.org\/br\/wp-json\/wp\/v2\/users\/1"}],"replies":[{"embeddable":true,"href":"https:\/\/vagasrj.org\/br\/wp-json\/wp\/v2\/comments?post=11"}],"version-history":[{"count":6,"href":"https:\/\/vagasrj.org\/br\/wp-json\/wp\/v2\/posts\/11\/revisions"}],"predecessor-version":[{"id":55,"href":"https:\/\/vagasrj.org\/br\/wp-json\/wp\/v2\/posts\/11\/revisions\/55"}],"wp:featuredmedia":[{"embeddable":true,"href":"https:\/\/vagasrj.org\/br\/wp-json\/wp\/v2\/media\/88"}],"wp:attachment":[{"href":"https:\/\/vagasrj.org\/br\/wp-json\/wp\/v2\/media?parent=11"}],"wp:term":[{"taxonomy":"category","embeddable":true,"href":"https:\/\/vagasrj.org\/br\/wp-json\/wp\/v2\/categories?post=11"},{"taxonomy":"post_tag","embeddable":true,"href":"https:\/\/vagasrj.org\/br\/wp-json\/wp\/v2\/tags?post=11"}],"curies":[{"name":"wp","href":"https:\/\/api.w.org\/{rel}","templated":true}]}}